{"id":9787,"date":"2022-11-28T10:57:02","date_gmt":"2022-11-28T13:57:02","guid":{"rendered":"https:\/\/radiostudiow.com.br\/site\/?p=9787"},"modified":"2025-01-31T15:09:48","modified_gmt":"2025-01-31T18:09:48","slug":"jovem-de-22-anos-e-morto-a-tiros-em-irati","status":"publish","type":"post","link":"https:\/\/radiostudiow.com.br\/site\/2022\/11\/28\/jovem-de-22-anos-e-morto-a-tiros-em-irati\/","title":{"rendered":"Jovem de 22 anos \u00e9 morto a tiros em Irati"},"content":{"rendered":"\n<p>Um jovem de 22 anos foi morto a tiros no in\u00edcio da madrugada deste domingo, 27 de novembro, no Conjunto Habitacional Cruzeiro do Sul \u2013 Bairro Lagoa.<\/p>\n\n\n\n<figure class=\"wp-block-image size-full\"><img decoding=\"async\" src=\"https:\/\/radiostudiow.com.br\/site\/wp-content\/uploads\/2022\/09\/image-2.png\" alt=\"\" class=\"wp-image-8966\"\/><\/figure>\n\n\n\n<p>A v\u00edtima que chamava Vagner Mauro Jankoski, mais conhecido por Pley, estava vestido apenas de roupa \u00edntima quando adentrou ao p\u00e1tio de uma resid\u00eancia e morreu.<\/p>\n\n\n\n<p>A Pol\u00edcia Militar foi comunicada sobre o crime por volta da 01:15 horas e de acordo com o relat\u00f3rio policial, foi constatado que ele tinha ferimentos nas costas causados por disparos de arma de fogo. <\/p>\n\n\n\n<p>Na resid\u00eancia da v\u00edtima, localizada nas proximidades de onde ocorreu o \u00f3bito, vizinhos contaram que dois homens encapuzados chegaram ao local e efetuaram v\u00e1rios disparos de arma de fogo.<\/p>\n\n\n\n<p>Os policiais militares encontraram sinais de tiros nas vidra\u00e7as e paredes externas. Havia cartuchos espalhados pelo ch\u00e3o.<\/p>\n\n\n\n<figure class=\"wp-block-image size-full\"><img decoding=\"async\" src=\"https:\/\/radiostudiow.com.br\/site\/wp-content\/uploads\/2022\/10\/image-4.png\" alt=\"\" class=\"wp-image-9421\"\/><\/figure>\n","protected":false},"excerpt":{"rendered":"<p>Um jovem de 22 anos foi morto a tiros no in\u00edcio da madrugada deste domingo, 27 de novembro, no Conjunto Habitacional Cruzeiro do Sul \u2013 Bairro Lagoa. A v\u00edtima que chamava Vagner Mauro Jankoski, mais conhecido por Pley, estava vestido apenas de roupa \u00edntima quando adentrou ao p\u00e1tio de uma resid\u00eancia e morreu. A Pol\u00edcia [&hellip;]<\/p>\n","protected":false},"author":2,"featured_media":0,"comment_status":"open","ping_status":"open","sticky":false,"template":"","format":"standard","meta":{"footnotes":""},"categories":[2],"tags":[172],"class_list":["post-9787","post","type-post","status-publish","format-standard","hentry","category-policial","tag-featured"],"amp_enabled":true,"_links":{"self":[{"href":"https:\/\/radiostudiow.com.br\/site\/wp-json\/wp\/v2\/posts\/9787","targetHints":{"allow":["GET"]}}],"collection":[{"href":"https:\/\/radiostudiow.com.br\/site\/wp-json\/wp\/v2\/posts"}],"about":[{"href":"https:\/\/radiostudiow.com.br\/site\/wp-json\/wp\/v2\/types\/post"}],"author":[{"embeddable":true,"href":"https:\/\/radiostudiow.com.br\/site\/wp-json\/wp\/v2\/users\/2"}],"replies":[{"embeddable":true,"href":"https:\/\/radiostudiow.com.br\/site\/wp-json\/wp\/v2\/comments?post=9787"}],"version-history":[{"count":1,"href":"https:\/\/radiostudiow.com.br\/site\/wp-json\/wp\/v2\/posts\/9787\/revisions"}],"predecessor-version":[{"id":9789,"href":"https:\/\/radiostudiow.com.br\/site\/wp-json\/wp\/v2\/posts\/9787\/revisions\/9789"}],"wp:attachment":[{"href":"https:\/\/radiostudiow.com.br\/site\/wp-json\/wp\/v2\/media?parent=9787"}],"wp:term":[{"taxonomy":"category","embeddable":true,"href":"https:\/\/radiostudiow.com.br\/site\/wp-json\/wp\/v2\/categories?post=9787"},{"taxonomy":"post_tag","embeddable":true,"href":"https:\/\/radiostudiow.com.br\/site\/wp-json\/wp\/v2\/tags?post=9787"}],"curies":[{"name":"wp","href":"https:\/\/api.w.org\/{rel}","templated":true}]}}