{"id":9797,"date":"2022-11-28T17:14:55","date_gmt":"2022-11-28T20:14:55","guid":{"rendered":"https:\/\/radiostudiow.com.br\/site\/?p=9797"},"modified":"2025-01-31T15:09:48","modified_gmt":"2025-01-31T18:09:48","slug":"mulher-morre-ao-colidir-com-moto-na-traseira-de-caminhao-em-irati","status":"publish","type":"post","link":"https:\/\/radiostudiow.com.br\/site\/2022\/11\/28\/mulher-morre-ao-colidir-com-moto-na-traseira-de-caminhao-em-irati\/","title":{"rendered":"Mulher morre ao colidir com moto na traseira de caminh\u00e3o em Irati"},"content":{"rendered":"\n<p>Os Policiais Rodovi\u00e1rios Federais atenderam grave acidente ocorrido no km 258 da BR 277, em Irati, \u00e0s 08:30 horas desta segunda-feira (28).<\/p>\n\n\n\n<figure class=\"wp-block-image size-full\"><img decoding=\"async\" src=\"https:\/\/radiostudiow.com.br\/site\/wp-content\/uploads\/2022\/11\/image-7.png\" alt=\"\" class=\"wp-image-9553\"\/><\/figure>\n\n\n\n<p>Uma motocicleta, com placa de Prudent\u00f3polis colidiu na traseira de um caminh\u00e3o com placas de Pira\u00ed do Sul que estava parado na pista com pane mec\u00e2nica.<\/p>\n\n\n\n<p>A condutora da moto, mulher de 24 anos, morreu no local do acidente. O motorista do Caminh\u00e3o, de 40 anos, n\u00e3o sofreu ferimentos.<\/p>\n\n\n\n<p>A Policia Cient\u00edfica e o IML compareceram ao local e encaminharam o corpo da jovem para Uni\u00e3o da Vit\u00f3ria.<\/p>\n\n\n\n<figure class=\"wp-block-image size-full\"><img decoding=\"async\" src=\"https:\/\/radiostudiow.com.br\/site\/wp-content\/uploads\/2022\/07\/image.png\" alt=\"\" class=\"wp-image-8317\"\/><\/figure>\n\n\n\n<p><em>Informa\u00e7\u00f5es Portal Clique de Irati<\/em><\/p>\n","protected":false},"excerpt":{"rendered":"<p>Os Policiais Rodovi\u00e1rios Federais atenderam grave acidente ocorrido no km 258 da BR 277, em Irati, \u00e0s 08:30 horas desta segunda-feira (28). Uma motocicleta, com placa de Prudent\u00f3polis colidiu na traseira de um caminh\u00e3o com placas de Pira\u00ed do Sul que estava parado na pista com pane mec\u00e2nica. A condutora da moto, mulher de 24 [&hellip;]<\/p>\n","protected":false},"author":2,"featured_media":9798,"comment_status":"open","ping_status":"open","sticky":false,"template":"","format":"standard","meta":{"footnotes":""},"categories":[2],"tags":[172],"class_list":["post-9797","post","type-post","status-publish","format-standard","has-post-thumbnail","hentry","category-policial","tag-featured"],"amp_enabled":true,"_links":{"self":[{"href":"https:\/\/radiostudiow.com.br\/site\/wp-json\/wp\/v2\/posts\/9797","targetHints":{"allow":["GET"]}}],"collection":[{"href":"https:\/\/radiostudiow.com.br\/site\/wp-json\/wp\/v2\/posts"}],"about":[{"href":"https:\/\/radiostudiow.com.br\/site\/wp-json\/wp\/v2\/types\/post"}],"author":[{"embeddable":true,"href":"https:\/\/radiostudiow.com.br\/site\/wp-json\/wp\/v2\/users\/2"}],"replies":[{"embeddable":true,"href":"https:\/\/radiostudiow.com.br\/site\/wp-json\/wp\/v2\/comments?post=9797"}],"version-history":[{"count":1,"href":"https:\/\/radiostudiow.com.br\/site\/wp-json\/wp\/v2\/posts\/9797\/revisions"}],"predecessor-version":[{"id":9799,"href":"https:\/\/radiostudiow.com.br\/site\/wp-json\/wp\/v2\/posts\/9797\/revisions\/9799"}],"wp:featuredmedia":[{"embeddable":true,"href":"https:\/\/radiostudiow.com.br\/site\/wp-json\/wp\/v2\/media\/9798"}],"wp:attachment":[{"href":"https:\/\/radiostudiow.com.br\/site\/wp-json\/wp\/v2\/media?parent=9797"}],"wp:term":[{"taxonomy":"category","embeddable":true,"href":"https:\/\/radiostudiow.com.br\/site\/wp-json\/wp\/v2\/categories?post=9797"},{"taxonomy":"post_tag","embeddable":true,"href":"https:\/\/radiostudiow.com.br\/site\/wp-json\/wp\/v2\/tags?post=9797"}],"curies":[{"name":"wp","href":"https:\/\/api.w.org\/{rel}","templated":true}]}}