{"id":9802,"date":"2022-11-28T18:01:59","date_gmt":"2022-11-28T21:01:59","guid":{"rendered":"https:\/\/radiostudiow.com.br\/site\/?p=9802"},"modified":"2022-11-28T18:01:59","modified_gmt":"2022-11-28T21:01:59","slug":"homem-e-agredido-por-vizinhos-em-cruz-machado","status":"publish","type":"post","link":"https:\/\/radiostudiow.com.br\/site\/2022\/11\/28\/homem-e-agredido-por-vizinhos-em-cruz-machado\/","title":{"rendered":"Homem \u00e9 agredido por vizinhos em Cruz Machado"},"content":{"rendered":"\n<p>Um homem compareceu ao Pelot\u00e3o da Pol\u00edcia Militar de Cruz Machado por volta das 19:00 horas desse s\u00e1bado (27).<\/p>\n\n\n\n<figure class=\"wp-block-image size-full\"><img decoding=\"async\" src=\"https:\/\/radiostudiow.com.br\/site\/wp-content\/uploads\/2022\/11\/image-8.png\" alt=\"\" class=\"wp-image-9621\"\/><\/figure>\n\n\n\n<p>&nbsp;O solicitante relatando que foi amea\u00e7ado e agredido com fac\u00e3o por dois homens conhecidos e relata que ambos s\u00e3o seus vizinhos na localidade da Linha Palmeirinha.<\/p>\n\n\n\n<p>A situa\u00e7\u00e3o ocorreu devido a um desentendimento entre eles e o solicitante apresentava um ferimento tipo corte superficial na m\u00e3o esquerda.<\/p>\n\n\n\n<p>Diante dos fatos o mesmo foi orientado aos demais procedimentos e prazos para a representa\u00e7\u00e3o junto \u00e0 delegacia de Pol\u00edcia Civil.<\/p>\n\n\n\n<figure class=\"wp-block-gallery has-nested-images columns-default is-cropped wp-block-gallery-1 is-layout-flex wp-block-gallery-is-layout-flex\">\n<figure class=\"wp-block-image size-large\"><img decoding=\"async\" data-id=\"8966\" src=\"https:\/\/radiostudiow.com.br\/site\/wp-content\/uploads\/2022\/09\/image-2.png\" alt=\"\" class=\"wp-image-8966\"\/><\/figure>\n<\/figure>\n","protected":false},"excerpt":{"rendered":"<p>Um homem compareceu ao Pelot\u00e3o da Pol\u00edcia Militar de Cruz Machado por volta das 19:00 horas desse s\u00e1bado (27). &nbsp;O solicitante relatando que foi amea\u00e7ado e agredido com fac\u00e3o por dois homens conhecidos e relata que ambos s\u00e3o seus vizinhos na localidade da Linha Palmeirinha. A situa\u00e7\u00e3o ocorreu devido a um desentendimento entre eles e [&hellip;]<\/p>\n","protected":false},"author":2,"featured_media":8858,"comment_status":"open","ping_status":"open","sticky":false,"template":"","format":"standard","meta":{"footnotes":""},"categories":[2],"tags":[172],"class_list":["post-9802","post","type-post","status-publish","format-standard","has-post-thumbnail","hentry","category-policial","tag-featured"],"amp_enabled":true,"_links":{"self":[{"href":"https:\/\/radiostudiow.com.br\/site\/wp-json\/wp\/v2\/posts\/9802","targetHints":{"allow":["GET"]}}],"collection":[{"href":"https:\/\/radiostudiow.com.br\/site\/wp-json\/wp\/v2\/posts"}],"about":[{"href":"https:\/\/radiostudiow.com.br\/site\/wp-json\/wp\/v2\/types\/post"}],"author":[{"embeddable":true,"href":"https:\/\/radiostudiow.com.br\/site\/wp-json\/wp\/v2\/users\/2"}],"replies":[{"embeddable":true,"href":"https:\/\/radiostudiow.com.br\/site\/wp-json\/wp\/v2\/comments?post=9802"}],"version-history":[{"count":1,"href":"https:\/\/radiostudiow.com.br\/site\/wp-json\/wp\/v2\/posts\/9802\/revisions"}],"predecessor-version":[{"id":9803,"href":"https:\/\/radiostudiow.com.br\/site\/wp-json\/wp\/v2\/posts\/9802\/revisions\/9803"}],"wp:featuredmedia":[{"embeddable":true,"href":"https:\/\/radiostudiow.com.br\/site\/wp-json\/wp\/v2\/media\/8858"}],"wp:attachment":[{"href":"https:\/\/radiostudiow.com.br\/site\/wp-json\/wp\/v2\/media?parent=9802"}],"wp:term":[{"taxonomy":"category","embeddable":true,"href":"https:\/\/radiostudiow.com.br\/site\/wp-json\/wp\/v2\/categories?post=9802"},{"taxonomy":"post_tag","embeddable":true,"href":"https:\/\/radiostudiow.com.br\/site\/wp-json\/wp\/v2\/tags?post=9802"}],"curies":[{"name":"wp","href":"https:\/\/api.w.org\/{rel}","templated":true}]}}