{"id":9805,"date":"2022-11-29T01:43:26","date_gmt":"2022-11-29T04:43:26","guid":{"rendered":"https:\/\/radiostudiow.com.br\/site\/?p=9805"},"modified":"2025-01-31T15:09:48","modified_gmt":"2025-01-31T18:09:48","slug":"tragedia-em-mallet-homem-de-61-anos-morre-atropelado-apos-cair-de-um-trator-na-colonia-5","status":"publish","type":"post","link":"https:\/\/radiostudiow.com.br\/site\/2022\/11\/29\/tragedia-em-mallet-homem-de-61-anos-morre-atropelado-apos-cair-de-um-trator-na-colonia-5\/","title":{"rendered":"TRAG\u00c9DIA EM MALLET. HOMEM DE 61 ANOS MORRE ATROPELADO AP\u00d3S CAIR DE UM TRATOR NA COL\u00d4NIA 5"},"content":{"rendered":"\n<p>Na tarde desta segunda-feira, dia 28 de novembro, um acidente acabou tirando a vida de um Malletense.<\/p>\n\n\n\n<p>O fato ocorreu na localidade da Col\u00f4nia Cinco por volta das 15:50 horas, onde segundo informa\u00e7\u00f5es, uma pessoa teria caindo de um trator em movimento e a carreta carregada com fumo passou por cima, infelizmente a v\u00edtima morreu no local.<\/p>\n\n\n\n<figure class=\"wp-block-image size-full\"><img decoding=\"async\" src=\"https:\/\/radiostudiow.com.br\/site\/wp-content\/uploads\/2022\/06\/NUTRI-MALLET.jpg\" alt=\"\" class=\"wp-image-7772\"\/><\/figure>\n\n\n\n<p>O Corpo de Bombeiros de Mallet foi acionado juntamente com a ambul\u00e2ncia de plant\u00e3o da secretaria de sa\u00fade, mas infelizmente nada p\u00f4de ser feito.<\/p>\n\n\n\n<p>Aloize Swidzinski era morador da Col\u00f4nia Uma Serra do Tigre, tinha 61 anos.<\/p>\n\n\n\n<p>O IML (Instituto M\u00e9dico Legal) de Uni\u00e3o da Vit\u00f3ria recolheu o corpo.<\/p>\n\n\n\n<p>As causas do acidente est\u00e3o sendo apuradas.<\/p>\n\n\n\n<figure class=\"wp-block-image size-full\"><img decoding=\"async\" src=\"https:\/\/radiostudiow.com.br\/site\/wp-content\/uploads\/2022\/07\/AFUBRE-IRATI.jpg\" alt=\"\" class=\"wp-image-7992\"\/><\/figure>\n\n\n\n<figure class=\"wp-block-image size-full\"><img loading=\"lazy\" decoding=\"async\" width=\"626\" height=\"451\" src=\"https:\/\/radiostudiow.com.br\/site\/wp-content\/uploads\/2022\/11\/IMG-20221129-WA0001.jpg\" alt=\"\" class=\"wp-image-9808\" srcset=\"https:\/\/radiostudiow.com.br\/site\/wp-content\/uploads\/2022\/11\/IMG-20221129-WA0001.jpg 626w, https:\/\/radiostudiow.com.br\/site\/wp-content\/uploads\/2022\/11\/IMG-20221129-WA0001-300x216.jpg 300w\" sizes=\"auto, (max-width: 626px) 100vw, 626px\" \/><\/figure>\n","protected":false},"excerpt":{"rendered":"<p>Na tarde desta segunda-feira, dia 28 de novembro, um acidente acabou tirando a vida de um Malletense. O fato ocorreu na localidade da Col\u00f4nia Cinco por volta das 15:50 horas, onde segundo informa\u00e7\u00f5es, uma pessoa teria caindo de um trator em movimento e a carreta carregada com fumo passou por cima, infelizmente a v\u00edtima morreu [&hellip;]<\/p>\n","protected":false},"author":2,"featured_media":9807,"comment_status":"open","ping_status":"open","sticky":false,"template":"","format":"standard","meta":{"footnotes":""},"categories":[184,2],"tags":[172],"class_list":["post-9805","post","type-post","status-publish","format-standard","has-post-thumbnail","hentry","category-local","category-policial","tag-featured"],"amp_enabled":true,"_links":{"self":[{"href":"https:\/\/radiostudiow.com.br\/site\/wp-json\/wp\/v2\/posts\/9805","targetHints":{"allow":["GET"]}}],"collection":[{"href":"https:\/\/radiostudiow.com.br\/site\/wp-json\/wp\/v2\/posts"}],"about":[{"href":"https:\/\/radiostudiow.com.br\/site\/wp-json\/wp\/v2\/types\/post"}],"author":[{"embeddable":true,"href":"https:\/\/radiostudiow.com.br\/site\/wp-json\/wp\/v2\/users\/2"}],"replies":[{"embeddable":true,"href":"https:\/\/radiostudiow.com.br\/site\/wp-json\/wp\/v2\/comments?post=9805"}],"version-history":[{"count":2,"href":"https:\/\/radiostudiow.com.br\/site\/wp-json\/wp\/v2\/posts\/9805\/revisions"}],"predecessor-version":[{"id":9809,"href":"https:\/\/radiostudiow.com.br\/site\/wp-json\/wp\/v2\/posts\/9805\/revisions\/9809"}],"wp:featuredmedia":[{"embeddable":true,"href":"https:\/\/radiostudiow.com.br\/site\/wp-json\/wp\/v2\/media\/9807"}],"wp:attachment":[{"href":"https:\/\/radiostudiow.com.br\/site\/wp-json\/wp\/v2\/media?parent=9805"}],"wp:term":[{"taxonomy":"category","embeddable":true,"href":"https:\/\/radiostudiow.com.br\/site\/wp-json\/wp\/v2\/categories?post=9805"},{"taxonomy":"post_tag","embeddable":true,"href":"https:\/\/radiostudiow.com.br\/site\/wp-json\/wp\/v2\/tags?post=9805"}],"curies":[{"name":"wp","href":"https:\/\/api.w.org\/{rel}","templated":true}]}}