{"id":9810,"date":"2022-11-29T10:07:07","date_gmt":"2022-11-29T13:07:07","guid":{"rendered":"https:\/\/radiostudiow.com.br\/site\/?p=9810"},"modified":"2025-01-31T15:09:48","modified_gmt":"2025-01-31T18:09:48","slug":"homem-agride-esposa-que-estava-com-filho-no-colo-em-paulo-frontin","status":"publish","type":"post","link":"https:\/\/radiostudiow.com.br\/site\/2022\/11\/29\/homem-agride-esposa-que-estava-com-filho-no-colo-em-paulo-frontin\/","title":{"rendered":"Homem agride esposa que estava com filho no colo em Paulo Frontin"},"content":{"rendered":"\n<p>Uma mulher compareceu ao Pelot\u00e3o da Pol\u00edcia Militar de Paulo Frontin ap\u00f3s ser agredida pelo seu convivente e receber amea\u00e7as. A situa\u00e7\u00e3o foi registrada por volta das 11:00 horas dessa segunda-feira (28).<\/p>\n\n\n\n<figure class=\"wp-block-image size-full\"><img decoding=\"async\" src=\"https:\/\/radiostudiow.com.br\/site\/wp-content\/uploads\/2022\/11\/image-8.png\" alt=\"\" class=\"wp-image-9621\"\/><\/figure>\n\n\n\n<p>A solicitante relatou que no domingo, 27 de novembro, teve uma discuss\u00e3o no carro com seu convivente, ele parou o ve\u00edculo e come\u00e7ou a discutir com a solicitante e em seguida come\u00e7ou a agredi-la.<\/p>\n\n\n\n<p>Ap\u00f3s as agress\u00f5es a solicitante retirou seu filho de quatro anos do ve\u00edculo sendo que novamente o homem veio e agrediu a solicitante que estava com o filho do casal no colo. Sendo que o autor acertou um soco na mesma, o qual derrubou a solicitante e a crian\u00e7a no ch\u00e3o.<\/p>\n\n\n\n<p>A v\u00edtima relatou que o agressor estava alcoolizado e tentou atropelar a solicitante com o ve\u00edculo. Ela tamb\u00e9m relatou que n\u00e3o foi a primeira vez que lhe agrediu.<\/p>\n\n\n\n<p>Diante da situa\u00e7\u00e3o a mulher foi orientada quanto aos procedimentos cab\u00edveis.<\/p>\n\n\n\n<figure class=\"wp-block-image size-full\"><img decoding=\"async\" src=\"https:\/\/radiostudiow.com.br\/site\/wp-content\/uploads\/2022\/11\/image-10.png\" alt=\"\" class=\"wp-image-9640\"\/><\/figure>\n","protected":false},"excerpt":{"rendered":"<p>Uma mulher compareceu ao Pelot\u00e3o da Pol\u00edcia Militar de Paulo Frontin ap\u00f3s ser agredida pelo seu convivente e receber amea\u00e7as. A situa\u00e7\u00e3o foi registrada por volta das 11:00 horas dessa segunda-feira (28). A solicitante relatou que no domingo, 27 de novembro, teve uma discuss\u00e3o no carro com seu convivente, ele parou o ve\u00edculo e come\u00e7ou [&hellip;]<\/p>\n","protected":false},"author":2,"featured_media":0,"comment_status":"open","ping_status":"open","sticky":false,"template":"","format":"standard","meta":{"footnotes":""},"categories":[2],"tags":[172],"class_list":["post-9810","post","type-post","status-publish","format-standard","hentry","category-policial","tag-featured"],"amp_enabled":true,"_links":{"self":[{"href":"https:\/\/radiostudiow.com.br\/site\/wp-json\/wp\/v2\/posts\/9810","targetHints":{"allow":["GET"]}}],"collection":[{"href":"https:\/\/radiostudiow.com.br\/site\/wp-json\/wp\/v2\/posts"}],"about":[{"href":"https:\/\/radiostudiow.com.br\/site\/wp-json\/wp\/v2\/types\/post"}],"author":[{"embeddable":true,"href":"https:\/\/radiostudiow.com.br\/site\/wp-json\/wp\/v2\/users\/2"}],"replies":[{"embeddable":true,"href":"https:\/\/radiostudiow.com.br\/site\/wp-json\/wp\/v2\/comments?post=9810"}],"version-history":[{"count":1,"href":"https:\/\/radiostudiow.com.br\/site\/wp-json\/wp\/v2\/posts\/9810\/revisions"}],"predecessor-version":[{"id":9811,"href":"https:\/\/radiostudiow.com.br\/site\/wp-json\/wp\/v2\/posts\/9810\/revisions\/9811"}],"wp:attachment":[{"href":"https:\/\/radiostudiow.com.br\/site\/wp-json\/wp\/v2\/media?parent=9810"}],"wp:term":[{"taxonomy":"category","embeddable":true,"href":"https:\/\/radiostudiow.com.br\/site\/wp-json\/wp\/v2\/categories?post=9810"},{"taxonomy":"post_tag","embeddable":true,"href":"https:\/\/radiostudiow.com.br\/site\/wp-json\/wp\/v2\/tags?post=9810"}],"curies":[{"name":"wp","href":"https:\/\/api.w.org\/{rel}","templated":true}]}}