{"id":9812,"date":"2022-11-29T10:44:32","date_gmt":"2022-11-29T13:44:32","guid":{"rendered":"https:\/\/radiostudiow.com.br\/site\/?p=9812"},"modified":"2025-01-31T15:09:47","modified_gmt":"2025-01-31T18:09:47","slug":"equipe-da-rotam-recupera-carreta-com-alerta-de-furto-roubo","status":"publish","type":"post","link":"https:\/\/radiostudiow.com.br\/site\/2022\/11\/29\/equipe-da-rotam-recupera-carreta-com-alerta-de-furto-roubo\/","title":{"rendered":"Equipe da Rotam recupera carreta com alerta de furto\/roubo"},"content":{"rendered":"\n<p>Por volta das 16:00 horas dessa segunda-feira, 28 de novembro, a equipe da Rotam de S\u00e3o Mateus do Sul recebeu informa\u00e7\u00f5es de ve\u00edculo abandonado.<\/p>\n\n\n\n<figure class=\"wp-block-image size-full\"><img decoding=\"async\" src=\"https:\/\/radiostudiow.com.br\/site\/wp-content\/uploads\/2022\/10\/image-3.png\" alt=\"\" class=\"wp-image-9420\"\/><\/figure>\n\n\n\n<p>De acordo com a solicita\u00e7\u00e3o, o ve\u00edculo se entrava na localidade de S\u00e3o Miguel da Roseira, ao lado do cemit\u00e9rio, havia uma carreta comum cont\u00eainer, sem o cavalinho abandonada desde a noite de s\u00e1bado (26).<\/p>\n\n\n\n<p>A Rotam se deslocou at\u00e9 o local e constatou a carreta semi-reboque, a qual possui alerta de furto\/roubo, conforme boletim.<\/p>\n\n\n\n<p>Diante dos fatos a equipe requisitou apoio da viatura, a qual se deslocou com um caminh\u00e3o trator particular para encaminhar a carreta at\u00e9 a 3\u00aa SDP para as providencias cab\u00edveis.<\/p>\n\n\n\n<figure class=\"wp-block-image size-full\"><img decoding=\"async\" src=\"https:\/\/radiostudiow.com.br\/site\/wp-content\/uploads\/2022\/11\/image-7.png\" alt=\"\" class=\"wp-image-9553\"\/><\/figure>\n","protected":false},"excerpt":{"rendered":"<p>Por volta das 16:00 horas dessa segunda-feira, 28 de novembro, a equipe da Rotam de S\u00e3o Mateus do Sul recebeu informa\u00e7\u00f5es de ve\u00edculo abandonado. De acordo com a solicita\u00e7\u00e3o, o ve\u00edculo se entrava na localidade de S\u00e3o Miguel da Roseira, ao lado do cemit\u00e9rio, havia uma carreta comum cont\u00eainer, sem o cavalinho abandonada desde a [&hellip;]<\/p>\n","protected":false},"author":2,"featured_media":9814,"comment_status":"open","ping_status":"open","sticky":false,"template":"","format":"standard","meta":{"footnotes":""},"categories":[2],"tags":[172],"class_list":["post-9812","post","type-post","status-publish","format-standard","has-post-thumbnail","hentry","category-policial","tag-featured"],"amp_enabled":true,"_links":{"self":[{"href":"https:\/\/radiostudiow.com.br\/site\/wp-json\/wp\/v2\/posts\/9812","targetHints":{"allow":["GET"]}}],"collection":[{"href":"https:\/\/radiostudiow.com.br\/site\/wp-json\/wp\/v2\/posts"}],"about":[{"href":"https:\/\/radiostudiow.com.br\/site\/wp-json\/wp\/v2\/types\/post"}],"author":[{"embeddable":true,"href":"https:\/\/radiostudiow.com.br\/site\/wp-json\/wp\/v2\/users\/2"}],"replies":[{"embeddable":true,"href":"https:\/\/radiostudiow.com.br\/site\/wp-json\/wp\/v2\/comments?post=9812"}],"version-history":[{"count":2,"href":"https:\/\/radiostudiow.com.br\/site\/wp-json\/wp\/v2\/posts\/9812\/revisions"}],"predecessor-version":[{"id":9815,"href":"https:\/\/radiostudiow.com.br\/site\/wp-json\/wp\/v2\/posts\/9812\/revisions\/9815"}],"wp:featuredmedia":[{"embeddable":true,"href":"https:\/\/radiostudiow.com.br\/site\/wp-json\/wp\/v2\/media\/9814"}],"wp:attachment":[{"href":"https:\/\/radiostudiow.com.br\/site\/wp-json\/wp\/v2\/media?parent=9812"}],"wp:term":[{"taxonomy":"category","embeddable":true,"href":"https:\/\/radiostudiow.com.br\/site\/wp-json\/wp\/v2\/categories?post=9812"},{"taxonomy":"post_tag","embeddable":true,"href":"https:\/\/radiostudiow.com.br\/site\/wp-json\/wp\/v2\/tags?post=9812"}],"curies":[{"name":"wp","href":"https:\/\/api.w.org\/{rel}","templated":true}]}}