{"id":9816,"date":"2022-11-29T15:50:40","date_gmt":"2022-11-29T18:50:40","guid":{"rendered":"https:\/\/radiostudiow.com.br\/site\/?p=9816"},"modified":"2025-01-31T15:09:47","modified_gmt":"2025-01-31T18:09:47","slug":"mulher-e-vitima-de-estelionato-e-perde-dois-mil-reais","status":"publish","type":"post","link":"https:\/\/radiostudiow.com.br\/site\/2022\/11\/29\/mulher-e-vitima-de-estelionato-e-perde-dois-mil-reais\/","title":{"rendered":"MULHER \u00c9 V\u00cdTIMA DE ESTELIONATO E PERDE DOIS MIL REAIS"},"content":{"rendered":"\n<p>A equipe da Pol\u00edcia Militar de General Carneiro registra caso de Estelionato e v\u00edtima, moradora de Vila Oper\u00e1ria, perdeu mais de dois mil reais. A situa\u00e7\u00e3o foi registrada por volta das 20:00 horas dessa segunda-feira (28).<\/p>\n\n\n\n<figure class=\"wp-block-image size-full\"><img decoding=\"async\" src=\"https:\/\/radiostudiow.com.br\/site\/wp-content\/uploads\/2022\/10\/image-2.png\" alt=\"\" class=\"wp-image-9419\"\/><\/figure>\n\n\n\n<p>De acordo com a solicitante, teve um contato via What\u2019s App onde o estelionat\u00e1rio dizia que estava com sua amiga e ela estava presa no local por ter uma quantia de vinte e tr\u00eas mil d\u00f3lares achados em sua bagagem.<\/p>\n\n\n\n<p>Dado coincid\u00eancia j\u00e1 que a solicitante teria uma amiga em viagem e o autor sabia de v\u00e1rios detalhes sobre tais fatos que abrangia apenas assuntos que a pr\u00f3pria solicitante sabia, vindo o estelionat\u00e1rio a pedir a quantia de R$ 5.000,00 (cinco mil reais), por\u00e9m, a solicitante diz ter apenas R$ 2.022,51, (dois mil e vinte e dois com cinquenta e um centavos) o qual foi aceito e transferido via PIX para a Caixa Econ\u00f4mica Federal.<\/p>\n\n\n\n<p>Ap\u00f3s ter realizado o PIX o estelionat\u00e1rio voltou a exigir a quantia de R$ 900 (novecentos d\u00f3lares), a v\u00edtima recusou e falou que ela seria presa tamb\u00e9m como c\u00famplice e a Interpol j\u00e1 teria todos os seus dados.<\/p>\n\n\n\n<p>Diante da situa\u00e7\u00e3o a mulher procurou a Pol\u00edcia Militar de General Carneiro para esclarecimentos onde foi informada que se tratava deum golpe, sendo orientada aos procedimentos cab\u00edveis.<\/p>\n\n\n\n<figure class=\"wp-block-image size-full\"><img decoding=\"async\" src=\"https:\/\/radiostudiow.com.br\/site\/wp-content\/uploads\/2022\/10\/image-1.png\" alt=\"\" class=\"wp-image-9418\"\/><\/figure>\n","protected":false},"excerpt":{"rendered":"<p>A equipe da Pol\u00edcia Militar de General Carneiro registra caso de Estelionato e v\u00edtima, moradora de Vila Oper\u00e1ria, perdeu mais de dois mil reais. A situa\u00e7\u00e3o foi registrada por volta das 20:00 horas dessa segunda-feira (28). De acordo com a solicitante, teve um contato via What\u2019s App onde o estelionat\u00e1rio dizia que estava com sua [&hellip;]<\/p>\n","protected":false},"author":2,"featured_media":0,"comment_status":"open","ping_status":"open","sticky":false,"template":"","format":"standard","meta":{"footnotes":""},"categories":[2],"tags":[172],"class_list":["post-9816","post","type-post","status-publish","format-standard","hentry","category-policial","tag-featured"],"amp_enabled":true,"_links":{"self":[{"href":"https:\/\/radiostudiow.com.br\/site\/wp-json\/wp\/v2\/posts\/9816","targetHints":{"allow":["GET"]}}],"collection":[{"href":"https:\/\/radiostudiow.com.br\/site\/wp-json\/wp\/v2\/posts"}],"about":[{"href":"https:\/\/radiostudiow.com.br\/site\/wp-json\/wp\/v2\/types\/post"}],"author":[{"embeddable":true,"href":"https:\/\/radiostudiow.com.br\/site\/wp-json\/wp\/v2\/users\/2"}],"replies":[{"embeddable":true,"href":"https:\/\/radiostudiow.com.br\/site\/wp-json\/wp\/v2\/comments?post=9816"}],"version-history":[{"count":1,"href":"https:\/\/radiostudiow.com.br\/site\/wp-json\/wp\/v2\/posts\/9816\/revisions"}],"predecessor-version":[{"id":9818,"href":"https:\/\/radiostudiow.com.br\/site\/wp-json\/wp\/v2\/posts\/9816\/revisions\/9818"}],"wp:attachment":[{"href":"https:\/\/radiostudiow.com.br\/site\/wp-json\/wp\/v2\/media?parent=9816"}],"wp:term":[{"taxonomy":"category","embeddable":true,"href":"https:\/\/radiostudiow.com.br\/site\/wp-json\/wp\/v2\/categories?post=9816"},{"taxonomy":"post_tag","embeddable":true,"href":"https:\/\/radiostudiow.com.br\/site\/wp-json\/wp\/v2\/tags?post=9816"}],"curies":[{"name":"wp","href":"https:\/\/api.w.org\/{rel}","templated":true}]}}