{"id":9880,"date":"2022-11-30T10:20:12","date_gmt":"2022-11-30T13:20:12","guid":{"rendered":"https:\/\/radiostudiow.com.br\/site\/?p=9880"},"modified":"2025-01-31T15:09:47","modified_gmt":"2025-01-31T18:09:47","slug":"mulher-e-ameacada-de-agressao-pelo-irmao-em-antonio-olinto","status":"publish","type":"post","link":"https:\/\/radiostudiow.com.br\/site\/2022\/11\/30\/mulher-e-ameacada-de-agressao-pelo-irmao-em-antonio-olinto\/","title":{"rendered":"Mulher \u00e9 amea\u00e7ada de agress\u00e3o pelo irm\u00e3o em Ant\u00f4nio Olinto"},"content":{"rendered":"\n<figure class=\"wp-block-image size-full\"><img decoding=\"async\" src=\"https:\/\/radiostudiow.com.br\/site\/wp-content\/uploads\/2022\/11\/image-10.png\" alt=\"\" class=\"wp-image-9640\"\/><\/figure>\n\n\n\n<p>Por volta das 10:30 horas dessa ter\u00e7a-feira, 29 de novembro, uma mulher compareceu ao Pelot\u00e3o da Pol\u00edcia Militar de Ant\u00f4nio Olinto relatando uma amea\u00e7a.<\/p>\n\n\n\n<p>A solicitante relatou que \u00e9 moradora na cidade de Curitiba e ao visitar seus pais, seu irm\u00e3o preferiu palavras de baixo cal\u00e3o e ainda amea\u00e7ou a solicitante de agress\u00f5es f\u00edsicas.&nbsp; A v\u00edtima disse que tais amea\u00e7as ocorrem com certa frequ\u00eancia.<\/p>\n\n\n\n<p>Diante dos fatos foi confeccionado o boletim de ocorr\u00eancia e encaminhado \u00e0 Pol\u00edcia Civil. A mulher foi orientada quantos aos procedimentos cab\u00edveis.<\/p>\n\n\n\n<figure class=\"wp-block-image size-full\"><img decoding=\"async\" src=\"https:\/\/radiostudiow.com.br\/site\/wp-content\/uploads\/2022\/10\/image-4.png\" alt=\"\" class=\"wp-image-9421\"\/><\/figure>\n","protected":false},"excerpt":{"rendered":"<p>Por volta das 10:30 horas dessa ter\u00e7a-feira, 29 de novembro, uma mulher compareceu ao Pelot\u00e3o da Pol\u00edcia Militar de Ant\u00f4nio Olinto relatando uma amea\u00e7a. A solicitante relatou que \u00e9 moradora na cidade de Curitiba e ao visitar seus pais, seu irm\u00e3o preferiu palavras de baixo cal\u00e3o e ainda amea\u00e7ou a solicitante de agress\u00f5es f\u00edsicas.&nbsp; A [&hellip;]<\/p>\n","protected":false},"author":2,"featured_media":9634,"comment_status":"open","ping_status":"open","sticky":false,"template":"","format":"standard","meta":{"footnotes":""},"categories":[2],"tags":[172],"class_list":["post-9880","post","type-post","status-publish","format-standard","has-post-thumbnail","hentry","category-policial","tag-featured"],"amp_enabled":true,"_links":{"self":[{"href":"https:\/\/radiostudiow.com.br\/site\/wp-json\/wp\/v2\/posts\/9880","targetHints":{"allow":["GET"]}}],"collection":[{"href":"https:\/\/radiostudiow.com.br\/site\/wp-json\/wp\/v2\/posts"}],"about":[{"href":"https:\/\/radiostudiow.com.br\/site\/wp-json\/wp\/v2\/types\/post"}],"author":[{"embeddable":true,"href":"https:\/\/radiostudiow.com.br\/site\/wp-json\/wp\/v2\/users\/2"}],"replies":[{"embeddable":true,"href":"https:\/\/radiostudiow.com.br\/site\/wp-json\/wp\/v2\/comments?post=9880"}],"version-history":[{"count":1,"href":"https:\/\/radiostudiow.com.br\/site\/wp-json\/wp\/v2\/posts\/9880\/revisions"}],"predecessor-version":[{"id":9881,"href":"https:\/\/radiostudiow.com.br\/site\/wp-json\/wp\/v2\/posts\/9880\/revisions\/9881"}],"wp:featuredmedia":[{"embeddable":true,"href":"https:\/\/radiostudiow.com.br\/site\/wp-json\/wp\/v2\/media\/9634"}],"wp:attachment":[{"href":"https:\/\/radiostudiow.com.br\/site\/wp-json\/wp\/v2\/media?parent=9880"}],"wp:term":[{"taxonomy":"category","embeddable":true,"href":"https:\/\/radiostudiow.com.br\/site\/wp-json\/wp\/v2\/categories?post=9880"},{"taxonomy":"post_tag","embeddable":true,"href":"https:\/\/radiostudiow.com.br\/site\/wp-json\/wp\/v2\/tags?post=9880"}],"curies":[{"name":"wp","href":"https:\/\/api.w.org\/{rel}","templated":true}]}}